{"id":1240,"date":"2024-03-14T19:22:15","date_gmt":"2024-03-14T18:22:15","guid":{"rendered":"https:\/\/www.otja.es\/presentation-of-the-observatory-at-the-making-training-a-reality-for-quality-jobs-in-european-industries-event\/"},"modified":"2024-11-13T14:08:08","modified_gmt":"2024-11-13T13:08:08","slug":"presentation-of-the-observatory-at-the-making-training-a-reality-for-quality-jobs-in-european-industries-event","status":"publish","type":"post","link":"https:\/\/www.otja.es\/en\/presentation-of-the-observatory-at-the-making-training-a-reality-for-quality-jobs-in-european-industries-event\/","title":{"rendered":"Presentation of the Observatory at the Making Training a Reality for Quality Jobs in European Industries event."},"content":{"rendered":"\n<p><\/p>\n\n<p>The Director General of Energy and Mining, Belarmina D\u00edaz, explained this morning in Zagreb (Croatia) the experience of Asturias in defining broad frameworks for dialogue and public-private participation to face the energy transition process and the change of economic model.<\/p>\n\n<p>D\u00edaz, together with Faen&#8217;s general manager, Carlos Garc\u00eda S\u00e1nchez, participated in a conference organized by IndustriALL Global Union, an organization that brings together unions from 140 countries representing more than 50 million workers in the mining, energy and manufacturing sectors.<\/p>\n\n<p>The director explained the uniqueness of Asturias as a region in transition and how the government has favored the participation of social and economic agents, universities and innovation entities to define lines of work and roadmaps to address decarbonization and promote a just transition process.<\/p>\n\n<p>In this sense, he gave as an example the <strong>Observatory for Just Transition<\/strong> as a tool for participative governance and an open forum to monitor the change of economic model and to address, from transparency, a transformation that not only affects the territories but also the people and the workers.<\/p>\n\n<p><em>In the pictures, the general director of Energy and Mining, Belarmina D\u00edaz, and Carlos Garc\u00eda, general director of FAEN, at the conference held in the Croatian capital.<\/em><\/p>\n\n<figure class=\"wp-block-gallery has-nested-images columns-default is-cropped wp-block-gallery-1 is-layout-flex wp-block-gallery-is-layout-flex\">\n<figure class=\"wp-block-image size-large\"><a href=\"https:\/\/www.otja.es\/wp-content\/uploads\/2024\/03\/2024_03_12-DG-Energia-jornadas-transicion-energetica-1024x974.jpeg\"><img loading=\"lazy\" decoding=\"async\" width=\"1024\" height=\"974\" data-id=\"679\" src=\"https:\/\/www.otja.es\/wp-content\/uploads\/2024\/03\/2024_03_12-DG-Energia-jornadas-transicion-energetica-1024x974.jpeg\" alt=\"otja\" class=\"wp-image-679\" title=\"\" srcset=\"https:\/\/www.otja.es\/wp-content\/uploads\/2024\/03\/2024_03_12-DG-Energia-jornadas-transicion-energetica-1024x974.jpeg 1024w, https:\/\/www.otja.es\/wp-content\/uploads\/2024\/03\/2024_03_12-DG-Energia-jornadas-transicion-energetica-300x285.jpeg 300w, https:\/\/www.otja.es\/wp-content\/uploads\/2024\/03\/2024_03_12-DG-Energia-jornadas-transicion-energetica-768x731.jpeg 768w, https:\/\/www.otja.es\/wp-content\/uploads\/2024\/03\/2024_03_12-DG-Energia-jornadas-transicion-energetica.jpeg 1112w\" sizes=\"auto, (max-width: 1024px) 100vw, 1024px\" \/><\/a><\/figure>\n\n\n\n<figure class=\"wp-block-image size-large\"><a href=\"https:\/\/www.otja.es\/wp-content\/uploads\/2024\/03\/417513743_1314229136184579_896266358108587231_n-768x1024.jpg\"><img loading=\"lazy\" decoding=\"async\" width=\"768\" height=\"1024\" data-id=\"680\" src=\"https:\/\/www.otja.es\/wp-content\/uploads\/2024\/03\/417513743_1314229136184579_896266358108587231_n-768x1024.jpg\" alt=\"otja\" class=\"wp-image-680\" title=\"\" srcset=\"https:\/\/www.otja.es\/wp-content\/uploads\/2024\/03\/417513743_1314229136184579_896266358108587231_n-768x1024.jpg 768w, https:\/\/www.otja.es\/wp-content\/uploads\/2024\/03\/417513743_1314229136184579_896266358108587231_n-225x300.jpg 225w, https:\/\/www.otja.es\/wp-content\/uploads\/2024\/03\/417513743_1314229136184579_896266358108587231_n-1152x1536.jpg 1152w, https:\/\/www.otja.es\/wp-content\/uploads\/2024\/03\/417513743_1314229136184579_896266358108587231_n.jpg 1200w\" sizes=\"auto, (max-width: 768px) 100vw, 768px\" \/><\/a><\/figure>\n<\/figure>\n\n<div class=\"wp-block-columns is-layout-flex wp-container-core-columns-is-layout-28f84493 wp-block-columns-is-layout-flex\">\n<div class=\"wp-block-column is-layout-flow wp-block-column-is-layout-flow\"><\/div>\n<\/div>\n","protected":false},"excerpt":{"rendered":"<p>The Director General of Energy and Mining, Belarmina D\u00edaz, explained this morning in Zagreb (Croatia) the experience of Asturias in defining broad frameworks for dialogue and public-private participation to face the energy transition process and the change of economic model. D\u00edaz, together with Faen&#8217;s general manager, Carlos Garc\u00eda S\u00e1nchez, participated in a conference organized by [&hellip;]<\/p>\n","protected":false},"author":2,"featured_media":1040,"comment_status":"open","ping_status":"open","sticky":false,"template":"","format":"standard","meta":{"footnotes":""},"categories":[16],"tags":[],"class_list":["post-1240","post","type-post","status-publish","format-standard","has-post-thumbnail","hentry","category-news"],"jetpack_featured_media_url":"https:\/\/www.otja.es\/wp-content\/uploads\/2023\/05\/favicon-otja.png","_links":{"self":[{"href":"https:\/\/www.otja.es\/en\/wp-json\/wp\/v2\/posts\/1240","targetHints":{"allow":["GET"]}}],"collection":[{"href":"https:\/\/www.otja.es\/en\/wp-json\/wp\/v2\/posts"}],"about":[{"href":"https:\/\/www.otja.es\/en\/wp-json\/wp\/v2\/types\/post"}],"author":[{"embeddable":true,"href":"https:\/\/www.otja.es\/en\/wp-json\/wp\/v2\/users\/2"}],"replies":[{"embeddable":true,"href":"https:\/\/www.otja.es\/en\/wp-json\/wp\/v2\/comments?post=1240"}],"version-history":[{"count":1,"href":"https:\/\/www.otja.es\/en\/wp-json\/wp\/v2\/posts\/1240\/revisions"}],"predecessor-version":[{"id":1242,"href":"https:\/\/www.otja.es\/en\/wp-json\/wp\/v2\/posts\/1240\/revisions\/1242"}],"wp:featuredmedia":[{"embeddable":true,"href":"https:\/\/www.otja.es\/en\/wp-json\/wp\/v2\/media\/1040"}],"wp:attachment":[{"href":"https:\/\/www.otja.es\/en\/wp-json\/wp\/v2\/media?parent=1240"}],"wp:term":[{"taxonomy":"category","embeddable":true,"href":"https:\/\/www.otja.es\/en\/wp-json\/wp\/v2\/categories?post=1240"},{"taxonomy":"post_tag","embeddable":true,"href":"https:\/\/www.otja.es\/en\/wp-json\/wp\/v2\/tags?post=1240"}],"curies":[{"name":"wp","href":"https:\/\/api.w.org\/{rel}","templated":true}]}}